{"id":55,"date":"2021-06-05T14:02:30","date_gmt":"2021-06-05T12:02:30","guid":{"rendered":"https:\/\/katrinfashion.sk\/blog\/?p=55"},"modified":"2021-06-05T14:03:08","modified_gmt":"2021-06-05T12:03:08","slug":"ako-si-vybrat-perfektnu-kabelku","status":"publish","type":"post","link":"https:\/\/katrinfashion.sk\/blog\/2021\/06\/05\/ako-si-vybrat-perfektnu-kabelku\/","title":{"rendered":"Ako si vybra\u0165 perfektn\u00fa kabelku"},"content":{"rendered":"<p>Ak t\u00fa\u017eite po vynikaj\u00facim outfite, nem\u00f4\u017ee v\u00e1m ch\u00fdba\u0165 kr\u00e1sna kabelka. Kabelka je s\u00fa\u010das\u0165ou vzh\u013eadu. Mus\u00ed by\u0165 v\u0161ak by\u0165 aj funk\u010dn\u00e1, ke\u010f\u017ee v nej nos\u00edme v\u0161etko, \u010do potrebujeme pri odchode z\u00a0domova. <a href=\"https:\/\/katrinfashion.sk\/\">Kabelky<\/a> si preto vyber\u00e1me okrem vzh\u013eadu aj pod\u013ea potreby.<\/p>\n<p>Ke\u010f u\u017e vieme, ak\u00fa kabelku h\u013ead\u00e1me, je \u010das k\u00fapi\u0165 si pr\u00e1ve t\u00fa, ktor\u00e1 bude funk\u010dn\u00e1, roztomil\u00e1 a\u00a0z\u00e1rove\u0148 praktick\u00e1.<\/p>\n<h2>\u0160t\u00fdl kabelky<\/h2>\n<p>Pri n\u00e1kupe <a href=\"https:\/\/katrinfashion.sk\/\">kabelky<\/a> mus\u00edme bra\u0165 do \u00favahy viac ako prv\u00fd dojem, m\u00f4\u017ee sa sta\u0165, \u017ee vojdete do obchodu a zamilujete sa do jednej z\u00a0vystaven\u00fdch. Ale aj ke\u010f ste sa do niektorej zamilovali, nemus\u00ed by\u0165 tak\u00e1 funk\u010dn\u00e1 alebo naopak vo v\u00fdsledku nebude vhodn\u00e1 pre v\u00e1\u0161 typ tela a\u00a0outfit.<\/p>\n<p>Prv\u00e1 vec, ktor\u00fa by ste mali vzia\u0165 do \u00favahy, je, ak patr\u00edte k t\u00fdm, ktor\u00ed pou\u017e\u00edvaj\u00fa m\u00e1lo kabeliek a m\u00e1te ich iba p\u00e1r. Ak je to tak, mus\u00ed kupovan\u00e1 kabelka sp\u013a\u0148a\u0165 ur\u010dit\u00e9 po\u017eiadavky, aby ste ju mohli pou\u017e\u00edva\u0165 mnohokr\u00e1t a dlho \u010das, nekupujte kabelku ve\u013ek\u00fa ale ani\u00a0 mal\u00fa, aby ste ju mohli pou\u017ei\u0165 pri r\u00f4znych pr\u00edle\u017eitostiach. Univerz\u00e1lna kabelka mus\u00ed ma\u0165 neutr\u00e1lnu, \u010diernu, bielu alebo b\u00e9\u017eov\u00fa farbu. Uni kabelka by nemala ma\u0165 ozdoby, aby sa dala jednoducho kombinova\u0165 s\u00a0r\u00f4znym oble\u010den\u00edm.<\/p>\n<p>Myslite aj na priehradky a uistite sa, \u017ee sa do nej zmest\u00ed v\u0161etko, \u010do be\u017ene nos\u00edte.<\/p>\n<p>Ak h\u013ead\u00e1te kabelku na \u0161peci\u00e1lnu pr\u00edle\u017eitos\u0165, mali by ste sa zamyslie\u0165 nad t\u00fdm, \u010di je form\u00e1lna alebo neform\u00e1lna a k\u00fapi\u0165 si t\u00fa, ktor\u00e1 vyhovuje dan\u00e9mu okamihu a typu oble\u010denia, ktor\u00e9 sa chyst\u00e1te nosi\u0165.<\/p>\n<p>Rovnako ako existuje z\u00e1kladn\u00e9 oble\u010denie, ktor\u00e9 sa nos\u00ed, aj kabelky maj\u00fa r\u00f4zne \u0161t\u00fdly. Vyberte si z ponuky Katrin fashion kabelku, ktor\u00e1 vyhovuje va\u0161im potreb\u00e1m.<\/p>\n<p>&nbsp;<\/p>\n","protected":false},"excerpt":{"rendered":"<p>Ak t\u00fa\u017eite po vynikaj\u00facim outfite, nem\u00f4\u017ee v\u00e1m ch\u00fdba\u0165 kr\u00e1sna kabelka. Kabelka je s\u00fa\u010das\u0165ou vzh\u013eadu. Mus\u00ed by\u0165 v\u0161ak by\u0165 aj funk\u010dn\u00e1,<span class=\"read-more\">[&hellip;]<\/span><\/p>\n","protected":false},"author":2,"featured_media":56,"comment_status":"closed","ping_status":"closed","sticky":false,"template":"","format":"standard","meta":[],"categories":[4],"tags":[],"yoast_head":"<!-- This site is optimized with the Yoast SEO plugin v16.0.1 - https:\/\/yoast.com\/wordpress\/plugins\/seo\/ -->\n<title>Ako si vybra\u0165 perfektn\u00fa kabelku -<\/title>\n<link rel=\"canonical\" href=\"https:\/\/katrinfashion.sk\/blog\/2021\/06\/05\/ako-si-vybrat-perfektnu-kabelku\/\" \/>\n<meta property=\"og:locale\" content=\"sk_SK\" \/>\n<meta property=\"og:type\" content=\"article\" \/>\n<meta property=\"og:title\" content=\"Ako si vybra\u0165 perfektn\u00fa kabelku -\" \/>\n<meta property=\"og:description\" content=\"Ak t\u00fa\u017eite po vynikaj\u00facim outfite, nem\u00f4\u017ee v\u00e1m ch\u00fdba\u0165 kr\u00e1sna kabelka. Kabelka je s\u00fa\u010das\u0165ou vzh\u013eadu. Mus\u00ed by\u0165 v\u0161ak by\u0165 aj funk\u010dn\u00e1,[&hellip;]\" \/>\n<meta property=\"og:url\" content=\"https:\/\/katrinfashion.sk\/blog\/2021\/06\/05\/ako-si-vybrat-perfektnu-kabelku\/\" \/>\n<meta property=\"article:published_time\" content=\"2021-06-05T12:02:30+00:00\" \/>\n<meta property=\"article:modified_time\" content=\"2021-06-05T12:03:08+00:00\" \/>\n<meta property=\"og:image\" content=\"https:\/\/katrinfashion.sk\/blog\/wp-content\/uploads\/2021\/06\/modra-kabelka-na-plece-karen.jpg\" \/>\n\t<meta property=\"og:image:width\" content=\"395\" \/>\n\t<meta property=\"og:image:height\" content=\"606\" \/>\n<meta name=\"twitter:card\" content=\"summary_large_image\" \/>\n<meta name=\"twitter:label1\" content=\"Predpokladan\u00fd \u010das \u010d\u00edtania\">\n\t<meta name=\"twitter:data1\" content=\"2 min\u00faty\">\n<script type=\"application\/ld+json\" class=\"yoast-schema-graph\">{\"@context\":\"https:\/\/schema.org\",\"@graph\":[{\"@type\":\"WebSite\",\"@id\":\"https:\/\/katrinfashion.sk\/blog\/#website\",\"url\":\"https:\/\/katrinfashion.sk\/blog\/\",\"name\":\"\",\"description\":\"BLOG\",\"potentialAction\":[{\"@type\":\"SearchAction\",\"target\":\"https:\/\/katrinfashion.sk\/blog\/?s={search_term_string}\",\"query-input\":\"required name=search_term_string\"}],\"inLanguage\":\"sk-SK\"},{\"@type\":\"ImageObject\",\"@id\":\"https:\/\/katrinfashion.sk\/blog\/2021\/06\/05\/ako-si-vybrat-perfektnu-kabelku\/#primaryimage\",\"inLanguage\":\"sk-SK\",\"url\":\"https:\/\/katrinfashion.sk\/blog\/wp-content\/uploads\/2021\/06\/modra-kabelka-na-plece-karen.jpg\",\"width\":395,\"height\":606},{\"@type\":\"WebPage\",\"@id\":\"https:\/\/katrinfashion.sk\/blog\/2021\/06\/05\/ako-si-vybrat-perfektnu-kabelku\/#webpage\",\"url\":\"https:\/\/katrinfashion.sk\/blog\/2021\/06\/05\/ako-si-vybrat-perfektnu-kabelku\/\",\"name\":\"Ako si vybra\\u0165 perfektn\\u00fa kabelku -\",\"isPartOf\":{\"@id\":\"https:\/\/katrinfashion.sk\/blog\/#website\"},\"primaryImageOfPage\":{\"@id\":\"https:\/\/katrinfashion.sk\/blog\/2021\/06\/05\/ako-si-vybrat-perfektnu-kabelku\/#primaryimage\"},\"datePublished\":\"2021-06-05T12:02:30+00:00\",\"dateModified\":\"2021-06-05T12:03:08+00:00\",\"author\":{\"@id\":\"https:\/\/katrinfashion.sk\/blog\/#\/schema\/person\/b2d57e7598452d361c61d35d2faa2b33\"},\"breadcrumb\":{\"@id\":\"https:\/\/katrinfashion.sk\/blog\/2021\/06\/05\/ako-si-vybrat-perfektnu-kabelku\/#breadcrumb\"},\"inLanguage\":\"sk-SK\",\"potentialAction\":[{\"@type\":\"ReadAction\",\"target\":[\"https:\/\/katrinfashion.sk\/blog\/2021\/06\/05\/ako-si-vybrat-perfektnu-kabelku\/\"]}]},{\"@type\":\"BreadcrumbList\",\"@id\":\"https:\/\/katrinfashion.sk\/blog\/2021\/06\/05\/ako-si-vybrat-perfektnu-kabelku\/#breadcrumb\",\"itemListElement\":[{\"@type\":\"ListItem\",\"position\":1,\"item\":{\"@type\":\"WebPage\",\"@id\":\"https:\/\/katrinfashion.sk\/blog\/\",\"url\":\"https:\/\/katrinfashion.sk\/blog\/\",\"name\":\"Domovsk\\u00e1 str\\u00e1nka\"}},{\"@type\":\"ListItem\",\"position\":2,\"item\":{\"@type\":\"WebPage\",\"@id\":\"https:\/\/katrinfashion.sk\/blog\/2021\/06\/05\/ako-si-vybrat-perfektnu-kabelku\/\",\"url\":\"https:\/\/katrinfashion.sk\/blog\/2021\/06\/05\/ako-si-vybrat-perfektnu-kabelku\/\",\"name\":\"Ako si vybra\\u0165 perfektn\\u00fa kabelku\"}}]},{\"@type\":\"Person\",\"@id\":\"https:\/\/katrinfashion.sk\/blog\/#\/schema\/person\/b2d57e7598452d361c61d35d2faa2b33\",\"name\":\"bloger\",\"image\":{\"@type\":\"ImageObject\",\"@id\":\"https:\/\/katrinfashion.sk\/blog\/#personlogo\",\"inLanguage\":\"sk-SK\",\"url\":\"https:\/\/secure.gravatar.com\/avatar\/161568db5ebe423deb215784babd6d4e?s=96&d=blank&r=g\",\"caption\":\"bloger\"}}]}<\/script>\n<!-- \/ Yoast SEO plugin. -->","_links":{"self":[{"href":"https:\/\/katrinfashion.sk\/blog\/wp-json\/wp\/v2\/posts\/55"}],"collection":[{"href":"https:\/\/katrinfashion.sk\/blog\/wp-json\/wp\/v2\/posts"}],"about":[{"href":"https:\/\/katrinfashion.sk\/blog\/wp-json\/wp\/v2\/types\/post"}],"author":[{"embeddable":true,"href":"https:\/\/katrinfashion.sk\/blog\/wp-json\/wp\/v2\/users\/2"}],"replies":[{"embeddable":true,"href":"https:\/\/katrinfashion.sk\/blog\/wp-json\/wp\/v2\/comments?post=55"}],"version-history":[{"count":2,"href":"https:\/\/katrinfashion.sk\/blog\/wp-json\/wp\/v2\/posts\/55\/revisions"}],"predecessor-version":[{"id":58,"href":"https:\/\/katrinfashion.sk\/blog\/wp-json\/wp\/v2\/posts\/55\/revisions\/58"}],"wp:featuredmedia":[{"embeddable":true,"href":"https:\/\/katrinfashion.sk\/blog\/wp-json\/wp\/v2\/media\/56"}],"wp:attachment":[{"href":"https:\/\/katrinfashion.sk\/blog\/wp-json\/wp\/v2\/media?parent=55"}],"wp:term":[{"taxonomy":"category","embeddable":true,"href":"https:\/\/katrinfashion.sk\/blog\/wp-json\/wp\/v2\/categories?post=55"},{"taxonomy":"post_tag","embeddable":true,"href":"https:\/\/katrinfashion.sk\/blog\/wp-json\/wp\/v2\/tags?post=55"}],"curies":[{"name":"wp","href":"https:\/\/api.w.org\/{rel}","templated":true}]}}