{"id":22,"date":"2021-03-25T10:36:56","date_gmt":"2021-03-25T09:36:56","guid":{"rendered":"https:\/\/katrinfashion.sk\/blog\/?p=22"},"modified":"2021-03-24T12:23:13","modified_gmt":"2021-03-24T11:23:13","slug":"vyberte-si-kabelku-pre-svoje-telo","status":"publish","type":"post","link":"https:\/\/katrinfashion.sk\/blog\/2021\/03\/25\/vyberte-si-kabelku-pre-svoje-telo\/","title":{"rendered":"Vyberte si kabelku pre svoje telo"},"content":{"rendered":"<p><a href=\"https:\/\/katrinfashion.sk\/12-damske-kabelky\">Kabelka<\/a> je d\u00f4le\u017eit\u00e1 \u010das\u0165 outfitu \u017eeny. Vedeli ste v\u0161ak, \u017ee aj kabelku by ste si mali vybera\u0165 pod\u013ea tvaru svojho tela. V\u00fdber spr\u00e1vnej <a href=\"https:\/\/katrinfashion.sk\/12-damske-kabelky\">kabelky<\/a> m\u00e1 s\u00a0tvarom tela viac spolo\u010dn\u00e9ho, ako si mysl\u00edte. Ak si chcete k\u00fapi\u0165 nov\u00fa kabelku, prin\u00e1\u0161ame v\u00e1m nieko\u013eko r\u00e1d, ako si vybra\u0165 kabelku pre v\u00e1\u0161 typ tela a\u00a0postavy.<\/p>\n<h2>Pre mal\u00e9, drobn\u00e9 \u017eeny<\/h2>\n<p>Ak ste men\u0161ej postavy, ve\u013ek\u00e1 ta\u0161ka nebude pre v\u00e1s spr\u00e1vna vo\u013eba. Vyberte si men\u0161iu alebo stredne ve\u013ek\u00fa kabelku, ktor\u00e1 ma len kr\u00e1tky remienok.\u00a0 V\u0161imnite si, \u017ee v\u010faka \u0161ir\u0161\u00edm ta\u0161k\u00e1m budete vyzera\u0165 aj krat\u0161ie. Aby v\u00e1\u0161 trup p\u00f4sobil pred\u013a\u017eene, vyberte si kabelky, ktor\u00e9 s\u00fa zvisle dlh\u0161ie.<\/p>\n<h2>Pre vysok\u00e9, chud\u00e9 \u017eeny<\/h2>\n<p>Nevyberajte si hranat\u00e9 a\u00a0\u0161trukt\u00farovan\u00e9 kabelky. Vyberte si le\u017e\u00e9rne kabelky, ktor\u00e9 bud\u00fa formova\u0165 tvar tela. Vyhnite sa \u0161irok\u00fdm kabelk\u00e1m a\u00a0pr\u00edli\u0161 mal\u00fdm kabelk\u00e1m.<\/p>\n<h2>Pre moletky<\/h2>\n<p>Op\u00e4\u0165 do hry vstupuje proporcia. Ak ste plus-size, mal\u00e1 ta\u0161ka v\u00e1s len zv\u00e4\u010d\u0161\u00ed. Nevyberajte si \u00a0v\u0161ak obrovsk\u00e9 vaky, ktor\u00e9 s\u00fa okr\u00fahle a pru\u017en\u00e9, preto\u017ee v\u00e1m zv\u00e4\u010d\u0161ia boky a stehn\u00e1. Namiesto toho si vyberte stredne ve\u013ek\u00e9 \u0161trukt\u00farovan\u00e9 kabelky, ktor\u00e9 lemuj\u00fa telo.<\/p>\n<h2>Pre \u017eeny v tvare hru\u0161ky<\/h2>\n<p>Ak pren\u00e1\u0161ate v\u00e1hu okolo spodnej \u010dasti tela, vyvarujte sa vl\u00e1\u010dnych kabeliek, ktor\u00e9 v\u00e1m padaj\u00fa na boky. Iba upozornia na va\u0161e boky a stehn\u00e1 a dodaj\u00fa v\u00e1\u0161mu telu obvod. Zvo\u013ete si \u0161trukt\u00farovan\u00e9 kabelky, ktor\u00e9 kon\u010dia vysoko nad va\u0161imi bokmi.<\/p>\n<h2>Pre \u017eeny v tvare jablka<\/h2>\n<p>Ak ste okolo poprsia a p\u00e1sa \u0161ir\u0161ia, mal\u00e9 kabelky a kabelky s kr\u00e1tkymi remienkami bud\u00fa p\u00f4sobi\u0165 proti tvaru v\u00e1\u0161ho tela. Vytvorte rovnov\u00e1hu pomocou mierne \u0161irokej, \u0161trukt\u00farovanej ta\u0161ky, ktor\u00e1 sa opiera o va\u0161e boky alebo spodn\u00fa \u010das\u0165, aby odv\u00e1dzala pozornos\u0165 od poprsia.<\/p>\n<h2>Pre \u017eeny v tvare pres\u00fdpac\u00edch hod\u00edn<\/h2>\n<p>Ak m\u00e1te vyv\u00e1\u017een\u00e9 boky a plecia s presne vymedzen\u00fdm p\u00e1som, vyberte si kabelku, ktor\u00e1 sed\u00ed bl\u00edzko v\u00e1\u0161ho prirodzen\u00e9ho p\u00e1sa alebo pod bokmi. Vyberte si zo stredne ve\u013ek\u00fdch kabeliek alebo crossbody kabeliek a ur\u010dite zv\u00fdrazn\u00edte svoje krivky!<\/p>\n","protected":false},"excerpt":{"rendered":"<p>Kabelka je d\u00f4le\u017eit\u00e1 \u010das\u0165 outfitu \u017eeny. Vedeli ste v\u0161ak, \u017ee aj kabelku by ste si mali vybera\u0165 pod\u013ea tvaru svojho<span class=\"read-more\">[&hellip;]<\/span><\/p>\n","protected":false},"author":2,"featured_media":23,"comment_status":"closed","ping_status":"closed","sticky":false,"template":"","format":"standard","meta":[],"categories":[1],"tags":[],"yoast_head":"<!-- This site is optimized with the Yoast SEO plugin v16.0.1 - https:\/\/yoast.com\/wordpress\/plugins\/seo\/ -->\n<title>Vyberte si kabelku pre svoje telo -<\/title>\n<link rel=\"canonical\" href=\"https:\/\/katrinfashion.sk\/blog\/2021\/03\/25\/vyberte-si-kabelku-pre-svoje-telo\/\" \/>\n<meta property=\"og:locale\" content=\"sk_SK\" \/>\n<meta property=\"og:type\" content=\"article\" \/>\n<meta property=\"og:title\" content=\"Vyberte si kabelku pre svoje telo -\" \/>\n<meta property=\"og:description\" content=\"Kabelka je d\u00f4le\u017eit\u00e1 \u010das\u0165 outfitu \u017eeny. Vedeli ste v\u0161ak, \u017ee aj kabelku by ste si mali vybera\u0165 pod\u013ea tvaru svojho[&hellip;]\" \/>\n<meta property=\"og:url\" content=\"https:\/\/katrinfashion.sk\/blog\/2021\/03\/25\/vyberte-si-kabelku-pre-svoje-telo\/\" \/>\n<meta property=\"article:published_time\" content=\"2021-03-25T09:36:56+00:00\" \/>\n<meta property=\"article:modified_time\" content=\"2021-03-24T11:23:13+00:00\" \/>\n<meta property=\"og:image\" content=\"https:\/\/katrinfashion.sk\/blog\/wp-content\/uploads\/2021\/03\/kozena-kvietkovana-kabelka-italy.jpg\" \/>\n\t<meta property=\"og:image:width\" content=\"395\" \/>\n\t<meta property=\"og:image:height\" content=\"606\" \/>\n<meta name=\"twitter:card\" content=\"summary_large_image\" \/>\n<meta name=\"twitter:label1\" content=\"Predpokladan\u00fd \u010das \u010d\u00edtania\">\n\t<meta name=\"twitter:data1\" content=\"2 min\u00faty\">\n<script type=\"application\/ld+json\" class=\"yoast-schema-graph\">{\"@context\":\"https:\/\/schema.org\",\"@graph\":[{\"@type\":\"WebSite\",\"@id\":\"https:\/\/katrinfashion.sk\/blog\/#website\",\"url\":\"https:\/\/katrinfashion.sk\/blog\/\",\"name\":\"\",\"description\":\"BLOG\",\"potentialAction\":[{\"@type\":\"SearchAction\",\"target\":\"https:\/\/katrinfashion.sk\/blog\/?s={search_term_string}\",\"query-input\":\"required name=search_term_string\"}],\"inLanguage\":\"sk-SK\"},{\"@type\":\"ImageObject\",\"@id\":\"https:\/\/katrinfashion.sk\/blog\/2021\/03\/25\/vyberte-si-kabelku-pre-svoje-telo\/#primaryimage\",\"inLanguage\":\"sk-SK\",\"url\":\"https:\/\/katrinfashion.sk\/blog\/wp-content\/uploads\/2021\/03\/kozena-kvietkovana-kabelka-italy.jpg\",\"width\":395,\"height\":606},{\"@type\":\"WebPage\",\"@id\":\"https:\/\/katrinfashion.sk\/blog\/2021\/03\/25\/vyberte-si-kabelku-pre-svoje-telo\/#webpage\",\"url\":\"https:\/\/katrinfashion.sk\/blog\/2021\/03\/25\/vyberte-si-kabelku-pre-svoje-telo\/\",\"name\":\"Vyberte si kabelku pre svoje telo -\",\"isPartOf\":{\"@id\":\"https:\/\/katrinfashion.sk\/blog\/#website\"},\"primaryImageOfPage\":{\"@id\":\"https:\/\/katrinfashion.sk\/blog\/2021\/03\/25\/vyberte-si-kabelku-pre-svoje-telo\/#primaryimage\"},\"datePublished\":\"2021-03-25T09:36:56+00:00\",\"dateModified\":\"2021-03-24T11:23:13+00:00\",\"author\":{\"@id\":\"https:\/\/katrinfashion.sk\/blog\/#\/schema\/person\/b2d57e7598452d361c61d35d2faa2b33\"},\"breadcrumb\":{\"@id\":\"https:\/\/katrinfashion.sk\/blog\/2021\/03\/25\/vyberte-si-kabelku-pre-svoje-telo\/#breadcrumb\"},\"inLanguage\":\"sk-SK\",\"potentialAction\":[{\"@type\":\"ReadAction\",\"target\":[\"https:\/\/katrinfashion.sk\/blog\/2021\/03\/25\/vyberte-si-kabelku-pre-svoje-telo\/\"]}]},{\"@type\":\"BreadcrumbList\",\"@id\":\"https:\/\/katrinfashion.sk\/blog\/2021\/03\/25\/vyberte-si-kabelku-pre-svoje-telo\/#breadcrumb\",\"itemListElement\":[{\"@type\":\"ListItem\",\"position\":1,\"item\":{\"@type\":\"WebPage\",\"@id\":\"https:\/\/katrinfashion.sk\/blog\/\",\"url\":\"https:\/\/katrinfashion.sk\/blog\/\",\"name\":\"Domovsk\\u00e1 str\\u00e1nka\"}},{\"@type\":\"ListItem\",\"position\":2,\"item\":{\"@type\":\"WebPage\",\"@id\":\"https:\/\/katrinfashion.sk\/blog\/2021\/03\/25\/vyberte-si-kabelku-pre-svoje-telo\/\",\"url\":\"https:\/\/katrinfashion.sk\/blog\/2021\/03\/25\/vyberte-si-kabelku-pre-svoje-telo\/\",\"name\":\"Vyberte si kabelku pre svoje telo\"}}]},{\"@type\":\"Person\",\"@id\":\"https:\/\/katrinfashion.sk\/blog\/#\/schema\/person\/b2d57e7598452d361c61d35d2faa2b33\",\"name\":\"bloger\",\"image\":{\"@type\":\"ImageObject\",\"@id\":\"https:\/\/katrinfashion.sk\/blog\/#personlogo\",\"inLanguage\":\"sk-SK\",\"url\":\"https:\/\/secure.gravatar.com\/avatar\/161568db5ebe423deb215784babd6d4e?s=96&d=blank&r=g\",\"caption\":\"bloger\"}}]}<\/script>\n<!-- \/ Yoast SEO plugin. -->","_links":{"self":[{"href":"https:\/\/katrinfashion.sk\/blog\/wp-json\/wp\/v2\/posts\/22"}],"collection":[{"href":"https:\/\/katrinfashion.sk\/blog\/wp-json\/wp\/v2\/posts"}],"about":[{"href":"https:\/\/katrinfashion.sk\/blog\/wp-json\/wp\/v2\/types\/post"}],"author":[{"embeddable":true,"href":"https:\/\/katrinfashion.sk\/blog\/wp-json\/wp\/v2\/users\/2"}],"replies":[{"embeddable":true,"href":"https:\/\/katrinfashion.sk\/blog\/wp-json\/wp\/v2\/comments?post=22"}],"version-history":[{"count":1,"href":"https:\/\/katrinfashion.sk\/blog\/wp-json\/wp\/v2\/posts\/22\/revisions"}],"predecessor-version":[{"id":24,"href":"https:\/\/katrinfashion.sk\/blog\/wp-json\/wp\/v2\/posts\/22\/revisions\/24"}],"wp:featuredmedia":[{"embeddable":true,"href":"https:\/\/katrinfashion.sk\/blog\/wp-json\/wp\/v2\/media\/23"}],"wp:attachment":[{"href":"https:\/\/katrinfashion.sk\/blog\/wp-json\/wp\/v2\/media?parent=22"}],"wp:term":[{"taxonomy":"category","embeddable":true,"href":"https:\/\/katrinfashion.sk\/blog\/wp-json\/wp\/v2\/categories?post=22"},{"taxonomy":"post_tag","embeddable":true,"href":"https:\/\/katrinfashion.sk\/blog\/wp-json\/wp\/v2\/tags?post=22"}],"curies":[{"name":"wp","href":"https:\/\/api.w.org\/{rel}","templated":true}]}}