{"id":215,"date":"2023-05-19T11:08:15","date_gmt":"2023-05-19T09:08:15","guid":{"rendered":"https:\/\/katrinfashion.sk\/blog\/?p=215"},"modified":"2023-05-19T11:08:15","modified_gmt":"2023-05-19T09:08:15","slug":"prakticke-mini-kabelky-cez-plece","status":"publish","type":"post","link":"https:\/\/katrinfashion.sk\/blog\/2023\/05\/19\/prakticke-mini-kabelky-cez-plece\/","title":{"rendered":"Praktick\u00e9 mini kabelky cez plece"},"content":{"rendered":"<p>Pre akt\u00edvne \u017eeny znamen\u00e1 k\u00fapa mini <a href=\"https:\/\/katrinfashion.sk\/44-kabelky-cez-plece\">kabelky cez plece<\/a> z\u00edska\u0165 t\u00fa najpohodlnej\u0161iu vec, preto\u017ee v\u00e1m umo\u017en\u00ed ma\u0165 v\u0161etko potrebn\u00e9 pripraven\u00e9 a va\u0161e ruky bud\u00fa vo\u013en\u00e9. Mobiln\u00e9 telef\u00f3ny, bankov\u00e9 karty, kozmetika, k\u013e\u00fa\u010de a obr\u00fasky sa perfektne zmestia do malej kabelky bez toho, aby za\u0165a\u017eovali ruky alebo ramen\u00e1 modernej \u017eeny.<\/p>\n<h2>Kupujeme mal\u00e9 kabelky r\u00f4znych typov<\/h2>\n<p>Mal\u00e9 kabelky cez plece pre diev\u010dat\u00e1 m\u00f4\u017eu by\u0165 r\u00f4znych typov, \u0161t\u00fdlov, konfigur\u00e1ci\u00ed a farieb. Tak\u017ee vo forme mini ta\u0161iek s\u00fa napr.:<\/p>\n<ul>\n<li>obd\u013a\u017enikov\u00fd;<\/li>\n<li>ov\u00e1lne;<\/li>\n<li>okr\u00fahle;<\/li>\n<li>pred\u013a\u017een\u00e9;<\/li>\n<\/ul>\n<p>Modely je mo\u017en\u00e9 vyrobi\u0165 na nosenie na ramennom popruhu, p\u00e1se, s rukov\u00e4\u0165ou na ruku, s dvoma rukov\u00e4\u0165ami alebo \u00faplne bez rukov\u00e4te &#8211; vo forme spojky. Niektor\u00e9 kabelky maj\u00fa nieko\u013eko mo\u017enost\u00ed rukov\u00e4te a m\u00f4\u017eete si ich vybra\u0165 pod\u013ea situ\u00e1cie.<\/p>\n<h2>Pod\u013ea materi\u00e1lu v\u00fdroby m\u00f4\u017eu by\u0165 mal\u00e9 d\u00e1mske kabelky vyroben\u00e9:<\/h2>\n<ul>\n<li>z pravej ko\u017ee;<\/li>\n<li>semi\u0161;<\/li>\n<li>ekoko\u017ea;<\/li>\n<li>textiln\u00e9 materi\u00e1ly.<\/li>\n<\/ul>\n<p><strong>Farby modern\u00fdch mal\u00fdch ta\u0161iek s\u00fa tie\u017e pestr\u00e9, jednofarebn\u00e9 aj kombinovan\u00e9.<\/strong><\/p>\n<h2>V\u00fdhody d\u00e1mskych mini kabeliek:<\/h2>\n<ol>\n<li><strong>Praktickos\u0165<\/strong>. Vzh\u013eadom na to, \u017ee n\u00e1kup d\u00e1mskych mini ta\u0161iek nie je pr\u00edli\u0161 drah\u00fd, m\u00f4\u017eete ma\u0165 nieko\u013eko r\u00f4znych a \u010dasto ich meni\u0165 a aktualizova\u0165 tento alebo ten obr\u00e1zok.<\/li>\n<li><strong>Pohodlie<\/strong>. Najpohodlnej\u0161ie je zavesenie ta\u0161ky cez rameno a z\u00e1rove\u0148 uvo\u013enenie oboch r\u00fak. Tak\u00e9to mal\u00e9 vaky pre \u017eeny neprek\u00e1\u017eaj\u00fa v MHD, nedaj\u00fa sa strati\u0165 a ke\u010f\u017ee s\u00fa umiestnen\u00e9 na postave, je pre \u00fato\u010dn\u00edkov n\u00e1ro\u010dnej\u0161ie sa takejto ta\u0161ky zmocni\u0165.<\/li>\n<li><strong>V\u0161estrannos\u0165<\/strong>. Univerz\u00e1lnos\u0165 malej ta\u0161ky spo\u010d\u00edva v tom, \u017ee je vhodn\u00e1 pre ka\u017ed\u00fa situ\u00e1ciu a udalos\u0165, ak je vybran\u00e1 v spr\u00e1vnej farbe a \u0161t\u00fdle.<\/li>\n<li><strong>Sofistikovanos\u0165<\/strong>. Mal\u00e1 d\u00e1mska kabelka p\u00f4sob\u00ed ove\u013ea elegantnej\u0161ie ako ve\u013ek\u00e1, je elegantnej\u0161ia a \u017eenskej\u0161ia.<\/li>\n<li><strong>N\u00edzka cena<\/strong>. Ke\u010f\u017ee sa na mal\u00fa kabelky pou\u017e\u00edva menej materi\u00e1lov, jej cena bude ni\u017e\u0161ia ako u podobne ve\u013ekej.<\/li>\n<\/ol>\n<p>Mal\u00e1 \u010dierna kabelka je vhodn\u00e1 na chladn\u00e9 obdobie, ako aj na ve\u010dern\u00e9 udalosti alebo ma\u0161\u013eu v obchodnom \u0161t\u00fdle, zatia\u013e \u010do na leto je lep\u0161ie zvoli\u0165 mal\u00fa bielu kabelku alebo in\u00e9 svetl\u00e9 farby: m\u00e4tov\u00e1, pieskov\u00e1, ru\u017eov\u00e1, p\u00fadrov\u00e1, \u017elt\u00e1, modr\u00e1, rovnako ako svetl\u00e1 &#8211; \u010derven\u00e1, modr\u00e1, zelen\u00e1, oran\u017eov\u00e1.<\/p>\n<p>Z\u00e1rove\u0148 je d\u00f4le\u017eit\u00e9 k\u00fapi\u0165 si m\u00f3dnu ta\u0161ku v internetovom obchode KatrinFashion tak, aby harmonicky farebne a \u0161t\u00fdlovo ladila s oble\u010den\u00edm &#8211; tri\u010dkom, suk\u0148ou, nohavicami resp. \u0161ortkami. A najlep\u0161ie je k\u00fapi\u0165 si letn\u00fa ta\u0161ku nie len jednu, ale hne\u010f nieko\u013eko kusov a potom vytvori\u0165 \u0161t\u00fdlov\u00fd vzh\u013ead, aby ste zaka\u017ed\u00fdm vyzerali svie\u017eo a ako nov\u00e9.<\/p>\n","protected":false},"excerpt":{"rendered":"<p>Pre akt\u00edvne \u017eeny znamen\u00e1 k\u00fapa mini kabelky cez plece z\u00edska\u0165 t\u00fa najpohodlnej\u0161iu vec, preto\u017ee v\u00e1m umo\u017en\u00ed ma\u0165 v\u0161etko potrebn\u00e9 pripraven\u00e9<span class=\"read-more\">[&hellip;]<\/span><\/p>\n","protected":false},"author":2,"featured_media":216,"comment_status":"closed","ping_status":"closed","sticky":false,"template":"","format":"standard","meta":[],"categories":[4],"tags":[],"yoast_head":"<!-- This site is optimized with the Yoast SEO plugin v16.0.1 - https:\/\/yoast.com\/wordpress\/plugins\/seo\/ -->\n<title>Praktick\u00e9 mini kabelky cez plece -<\/title>\n<link rel=\"canonical\" href=\"https:\/\/katrinfashion.sk\/blog\/2023\/05\/19\/prakticke-mini-kabelky-cez-plece\/\" \/>\n<meta property=\"og:locale\" content=\"sk_SK\" \/>\n<meta property=\"og:type\" content=\"article\" \/>\n<meta property=\"og:title\" content=\"Praktick\u00e9 mini kabelky cez plece -\" \/>\n<meta property=\"og:description\" content=\"Pre akt\u00edvne \u017eeny znamen\u00e1 k\u00fapa mini kabelky cez plece z\u00edska\u0165 t\u00fa najpohodlnej\u0161iu vec, preto\u017ee v\u00e1m umo\u017en\u00ed ma\u0165 v\u0161etko potrebn\u00e9 pripraven\u00e9[&hellip;]\" \/>\n<meta property=\"og:url\" content=\"https:\/\/katrinfashion.sk\/blog\/2023\/05\/19\/prakticke-mini-kabelky-cez-plece\/\" \/>\n<meta property=\"article:published_time\" content=\"2023-05-19T09:08:15+00:00\" \/>\n<meta property=\"og:image\" content=\"https:\/\/katrinfashion.sk\/blog\/wp-content\/uploads\/2023\/05\/stylova-crossbody-kabelka-nobo2.jpg\" \/>\n\t<meta property=\"og:image:width\" content=\"810\" \/>\n\t<meta property=\"og:image:height\" content=\"1239\" \/>\n<meta name=\"twitter:card\" content=\"summary_large_image\" \/>\n<meta name=\"twitter:label1\" content=\"Predpokladan\u00fd \u010das \u010d\u00edtania\">\n\t<meta name=\"twitter:data1\" content=\"2 min\u00faty\">\n<script type=\"application\/ld+json\" class=\"yoast-schema-graph\">{\"@context\":\"https:\/\/schema.org\",\"@graph\":[{\"@type\":\"WebSite\",\"@id\":\"https:\/\/katrinfashion.sk\/blog\/#website\",\"url\":\"https:\/\/katrinfashion.sk\/blog\/\",\"name\":\"\",\"description\":\"BLOG\",\"potentialAction\":[{\"@type\":\"SearchAction\",\"target\":\"https:\/\/katrinfashion.sk\/blog\/?s={search_term_string}\",\"query-input\":\"required name=search_term_string\"}],\"inLanguage\":\"sk-SK\"},{\"@type\":\"ImageObject\",\"@id\":\"https:\/\/katrinfashion.sk\/blog\/2023\/05\/19\/prakticke-mini-kabelky-cez-plece\/#primaryimage\",\"inLanguage\":\"sk-SK\",\"url\":\"https:\/\/katrinfashion.sk\/blog\/wp-content\/uploads\/2023\/05\/stylova-crossbody-kabelka-nobo2.jpg\",\"width\":810,\"height\":1239},{\"@type\":\"WebPage\",\"@id\":\"https:\/\/katrinfashion.sk\/blog\/2023\/05\/19\/prakticke-mini-kabelky-cez-plece\/#webpage\",\"url\":\"https:\/\/katrinfashion.sk\/blog\/2023\/05\/19\/prakticke-mini-kabelky-cez-plece\/\",\"name\":\"Praktick\\u00e9 mini kabelky cez plece -\",\"isPartOf\":{\"@id\":\"https:\/\/katrinfashion.sk\/blog\/#website\"},\"primaryImageOfPage\":{\"@id\":\"https:\/\/katrinfashion.sk\/blog\/2023\/05\/19\/prakticke-mini-kabelky-cez-plece\/#primaryimage\"},\"datePublished\":\"2023-05-19T09:08:15+00:00\",\"dateModified\":\"2023-05-19T09:08:15+00:00\",\"author\":{\"@id\":\"https:\/\/katrinfashion.sk\/blog\/#\/schema\/person\/b2d57e7598452d361c61d35d2faa2b33\"},\"breadcrumb\":{\"@id\":\"https:\/\/katrinfashion.sk\/blog\/2023\/05\/19\/prakticke-mini-kabelky-cez-plece\/#breadcrumb\"},\"inLanguage\":\"sk-SK\",\"potentialAction\":[{\"@type\":\"ReadAction\",\"target\":[\"https:\/\/katrinfashion.sk\/blog\/2023\/05\/19\/prakticke-mini-kabelky-cez-plece\/\"]}]},{\"@type\":\"BreadcrumbList\",\"@id\":\"https:\/\/katrinfashion.sk\/blog\/2023\/05\/19\/prakticke-mini-kabelky-cez-plece\/#breadcrumb\",\"itemListElement\":[{\"@type\":\"ListItem\",\"position\":1,\"item\":{\"@type\":\"WebPage\",\"@id\":\"https:\/\/katrinfashion.sk\/blog\/\",\"url\":\"https:\/\/katrinfashion.sk\/blog\/\",\"name\":\"Domovsk\\u00e1 str\\u00e1nka\"}},{\"@type\":\"ListItem\",\"position\":2,\"item\":{\"@type\":\"WebPage\",\"@id\":\"https:\/\/katrinfashion.sk\/blog\/2023\/05\/19\/prakticke-mini-kabelky-cez-plece\/\",\"url\":\"https:\/\/katrinfashion.sk\/blog\/2023\/05\/19\/prakticke-mini-kabelky-cez-plece\/\",\"name\":\"Praktick\\u00e9 mini kabelky cez plece\"}}]},{\"@type\":\"Person\",\"@id\":\"https:\/\/katrinfashion.sk\/blog\/#\/schema\/person\/b2d57e7598452d361c61d35d2faa2b33\",\"name\":\"bloger\",\"image\":{\"@type\":\"ImageObject\",\"@id\":\"https:\/\/katrinfashion.sk\/blog\/#personlogo\",\"inLanguage\":\"sk-SK\",\"url\":\"https:\/\/secure.gravatar.com\/avatar\/161568db5ebe423deb215784babd6d4e?s=96&d=blank&r=g\",\"caption\":\"bloger\"}}]}<\/script>\n<!-- \/ Yoast SEO plugin. -->","_links":{"self":[{"href":"https:\/\/katrinfashion.sk\/blog\/wp-json\/wp\/v2\/posts\/215"}],"collection":[{"href":"https:\/\/katrinfashion.sk\/blog\/wp-json\/wp\/v2\/posts"}],"about":[{"href":"https:\/\/katrinfashion.sk\/blog\/wp-json\/wp\/v2\/types\/post"}],"author":[{"embeddable":true,"href":"https:\/\/katrinfashion.sk\/blog\/wp-json\/wp\/v2\/users\/2"}],"replies":[{"embeddable":true,"href":"https:\/\/katrinfashion.sk\/blog\/wp-json\/wp\/v2\/comments?post=215"}],"version-history":[{"count":1,"href":"https:\/\/katrinfashion.sk\/blog\/wp-json\/wp\/v2\/posts\/215\/revisions"}],"predecessor-version":[{"id":217,"href":"https:\/\/katrinfashion.sk\/blog\/wp-json\/wp\/v2\/posts\/215\/revisions\/217"}],"wp:featuredmedia":[{"embeddable":true,"href":"https:\/\/katrinfashion.sk\/blog\/wp-json\/wp\/v2\/media\/216"}],"wp:attachment":[{"href":"https:\/\/katrinfashion.sk\/blog\/wp-json\/wp\/v2\/media?parent=215"}],"wp:term":[{"taxonomy":"category","embeddable":true,"href":"https:\/\/katrinfashion.sk\/blog\/wp-json\/wp\/v2\/categories?post=215"},{"taxonomy":"post_tag","embeddable":true,"href":"https:\/\/katrinfashion.sk\/blog\/wp-json\/wp\/v2\/tags?post=215"}],"curies":[{"name":"wp","href":"https:\/\/api.w.org\/{rel}","templated":true}]}}