{"id":160,"date":"2022-03-31T07:06:04","date_gmt":"2022-03-31T05:06:04","guid":{"rendered":"https:\/\/katrinfashion.sk\/blog\/?p=160"},"modified":"2022-03-30T20:07:40","modified_gmt":"2022-03-30T18:07:40","slug":"damske-kabelky-vycibreny-styl-a-elegancia","status":"publish","type":"post","link":"https:\/\/katrinfashion.sk\/blog\/2022\/03\/31\/damske-kabelky-vycibreny-styl-a-elegancia\/","title":{"rendered":"D\u00e1mske kabelky &#8211; vycibren\u00fd \u0161t\u00fdl a elegancia"},"content":{"rendered":"<p><a href=\"https:\/\/katrinfashion.sk\/12-damske-kabelky\">D\u00e1mske kabelky<\/a> maj\u00fa v \u0161atn\u00edku modernej d\u00e1my v\u00fdnimo\u010dn\u00e9 miesto, a tak niet divu, \u017ee si pri odchode z domu m\u00f4\u017eete zabudn\u00fa\u0165 vzia\u0165 z\u00e1mo\u010dn\u00edcke doklady, pe\u0148a\u017eenku \u010di doklady od auta, no nikdy si so sebou nezabudnite vzia\u0165 kabelku!<\/p>\n<p>Kabelka pre \u017eenu nie je len m\u00f3dnym doplnkom, ale aj miestom, kde s\u00fa ulo\u017een\u00e9 najd\u00f4le\u017eitej\u0161ie a potrebn\u00e9 veci na ka\u017ed\u00fa pr\u00edle\u017eitos\u0165. Ide o ak\u00fdsi mal\u00fd \u201ebyt\u201c s pohodln\u00fdm usporiadan\u00edm (zap\u00ednanie, vreck\u00e1, popruhy) a origin\u00e1lnym dekorom vyjadruj\u00facim individu\u00e1lny svet.<\/p>\n<p>Vzh\u013eadom na \u00falohy a o\u010dak\u00e1vania priraden\u00e9 tomuto doplnku je nepravdepodobn\u00e9, \u017ee by sa aspo\u0148 jedna \u017eena mohla obmedzi\u0165 na jednu kabelku. Naj\u010dastej\u0161ie sa v arzen\u00e1li m\u00f3dnych \u0161iat nach\u00e1dzaj\u00fa z\u00e1kladn\u00ed predstavitelia takmer v\u0161etk\u00fdch kateg\u00f3ri\u00ed kabeliek od miniat\u00farnych pe\u0148a\u017eeniek, ob\u00e1lok a elegantn\u00fdch spojok a\u017e po ka\u017edodenn\u00fdch nakupuj\u00facich, tul\u00e1kov, crossbody a batohy.<\/p>\n<p>Na v\u00fdber z\u00e1kladn\u00fdch d\u00e1mskych kabeliek je kladen\u00fdch mno\u017estvo po\u017eiadaviek \u2013 ve\u013ekos\u0165, tvar, farba, povrchov\u00e1 \u00faprava a \u00fa\u010del.<\/p>\n<p>Ve\u013ekos\u0165. Pre harm\u00f3niu obrazu je v\u00fdber zalo\u017een\u00fd na proporcionalite doplnku k tvaru postavy. Ide\u00e1lna ve\u013ekos\u0165 bud\u00facej kabelky je \u0161tvrtina celkovej v\u00fd\u0161ky.<\/p>\n<p>Tvar. Niektor\u00e9 <a href=\"https:\/\/katrinfashion.sk\/12-damske-kabelky\">d\u00e1mske kabelky<\/a> jasne dr\u017eia svoj tvar v\u010faka podmienen\u00e9mu r\u00e1mu, zatia\u013e \u010do in\u00e9 sa vyzna\u010duj\u00fa ve\u013emi m\u00e4kk\u00fdmi a mobiln\u00fdmi stenami. Prv\u00fd je vhodn\u00fd na v\u00fdber obchodn\u00e9ho a kancel\u00e1rskeho form\u00e1tu a druh\u00fd &#8211; pre pr\u00edpady, ke\u010f pl\u00e1nujete nosi\u0165 ve\u013ea r\u00f4znych vec\u00ed, \u00eds\u0165 nakupova\u0165 a zapoji\u0165 ich do vo\u013en\u00e9ho \u010dasu. Je d\u00f4le\u017eit\u00e9 venova\u0165 pozornos\u0165 pr\u00edtomnosti rukov\u00e4t\u00ed, tak\u017ee bolo vhodn\u00e9 nosi\u0165 kabelku v ruk\u00e1ch aj na ramen\u00e1ch.<\/p>\n<p>Farba. Ke\u010f je mo\u017enos\u0165 nakupova\u0165 \u010doraz viac d\u00e1mskych kabeliek obmedzen\u00e1, mali by ste dba\u0165 na z\u00e1kladn\u00e9 farebn\u00e9 kompoz\u00edcie. \u00c1no, modely v \u010diernych, hned\u00fdch, modr\u00fdch, bordov\u00fdch a b\u00e9\u017eov\u00fdch t\u00f3noch sa \u013eahko kombinuj\u00fa s existuj\u00facimi vecami v \u0161atn\u00edku, preto\u017ee na tomto princ\u00edpe s\u00fa modelovan\u00e9 z\u00e1kladn\u00e9 oble\u010denie a obuv.<\/p>\n<p>Dekor\u00e1cia. Do z\u00e1kladnej dom\u00e1cej kolekcie d\u00e1mskych kabeliek sa zmestia z\u00e1stupcovia zdr\u017eanliv\u00e9ho \u0161t\u00fdlu aj o\u010daruj\u00facej\u0161ie. Hlavn\u00fdm pravidlom ale je, aby doplnky kabelky rezonovali s ostatn\u00fdmi doplnkami a na ich pozad\u00ed boli menej v\u00fdrazn\u00e9.<\/p>\n<p>V\u0161estrannos\u0165. Ke\u010f si potrebujete vybra\u0165 jednu univerz\u00e1lnu kabelku, mali by ste sa zamera\u0165 na z\u00e1kladn\u00fd \u010dierny alebo hned\u00fd model, zdr\u017eanliv\u00fd dizajn a stredn\u00fa ve\u013ekos\u0165. S tak\u00fdmito rie\u0161eniami sa d\u00e1mske kabelky \u013eahko kombinuj\u00fa s klasick\u00fdm a akt\u00edvnym mestsk\u00fdm \u0161atn\u00edkom, preto\u017ee nep\u00fataj\u00fa pr\u00edli\u0161 ve\u013ea pozornosti a s\u00fa vhodn\u00e9 takmer na ak\u00fdko\u013evek v\u00fdlet a ro\u010dn\u00e9 obdobie.<\/p>\n<p>Po t\u00fdchto jednoduch\u00fdch a \u00fa\u010dinn\u00fdch odpor\u00fa\u010daniach bude rados\u0165 vybera\u0165 d\u00e1mske kabelky!<\/p>\n","protected":false},"excerpt":{"rendered":"<p>D\u00e1mske kabelky maj\u00fa v \u0161atn\u00edku modernej d\u00e1my v\u00fdnimo\u010dn\u00e9 miesto, a tak niet divu, \u017ee si pri odchode z domu m\u00f4\u017eete<span class=\"read-more\">[&hellip;]<\/span><\/p>\n","protected":false},"author":2,"featured_media":161,"comment_status":"closed","ping_status":"closed","sticky":false,"template":"","format":"standard","meta":[],"categories":[4],"tags":[],"yoast_head":"<!-- This site is optimized with the Yoast SEO plugin v16.0.1 - https:\/\/yoast.com\/wordpress\/plugins\/seo\/ -->\n<title>D\u00e1mske kabelky - vycibren\u00fd \u0161t\u00fdl a elegancia -<\/title>\n<link rel=\"canonical\" href=\"https:\/\/katrinfashion.sk\/blog\/2022\/03\/31\/damske-kabelky-vycibreny-styl-a-elegancia\/\" \/>\n<meta property=\"og:locale\" content=\"sk_SK\" \/>\n<meta property=\"og:type\" content=\"article\" \/>\n<meta property=\"og:title\" content=\"D\u00e1mske kabelky - vycibren\u00fd \u0161t\u00fdl a elegancia -\" \/>\n<meta property=\"og:description\" content=\"D\u00e1mske kabelky maj\u00fa v \u0161atn\u00edku modernej d\u00e1my v\u00fdnimo\u010dn\u00e9 miesto, a tak niet divu, \u017ee si pri odchode z domu m\u00f4\u017eete[&hellip;]\" \/>\n<meta property=\"og:url\" content=\"https:\/\/katrinfashion.sk\/blog\/2022\/03\/31\/damske-kabelky-vycibreny-styl-a-elegancia\/\" \/>\n<meta property=\"article:published_time\" content=\"2022-03-31T05:06:04+00:00\" \/>\n<meta property=\"article:modified_time\" content=\"2022-03-30T18:07:40+00:00\" \/>\n<meta property=\"og:image\" content=\"https:\/\/katrinfashion.sk\/blog\/wp-content\/uploads\/2022\/03\/stylova-biela-kabelka-elegantna-na-plece-vanessa.png\" \/>\n\t<meta property=\"og:image:width\" content=\"395\" \/>\n\t<meta property=\"og:image:height\" content=\"606\" \/>\n<meta name=\"twitter:card\" content=\"summary_large_image\" \/>\n<meta name=\"twitter:label1\" content=\"Predpokladan\u00fd \u010das \u010d\u00edtania\">\n\t<meta name=\"twitter:data1\" content=\"2 min\u00faty\">\n<script type=\"application\/ld+json\" class=\"yoast-schema-graph\">{\"@context\":\"https:\/\/schema.org\",\"@graph\":[{\"@type\":\"WebSite\",\"@id\":\"https:\/\/katrinfashion.sk\/blog\/#website\",\"url\":\"https:\/\/katrinfashion.sk\/blog\/\",\"name\":\"\",\"description\":\"BLOG\",\"potentialAction\":[{\"@type\":\"SearchAction\",\"target\":\"https:\/\/katrinfashion.sk\/blog\/?s={search_term_string}\",\"query-input\":\"required name=search_term_string\"}],\"inLanguage\":\"sk-SK\"},{\"@type\":\"ImageObject\",\"@id\":\"https:\/\/katrinfashion.sk\/blog\/2022\/03\/31\/damske-kabelky-vycibreny-styl-a-elegancia\/#primaryimage\",\"inLanguage\":\"sk-SK\",\"url\":\"https:\/\/katrinfashion.sk\/blog\/wp-content\/uploads\/2022\/03\/stylova-biela-kabelka-elegantna-na-plece-vanessa.png\",\"width\":395,\"height\":606},{\"@type\":\"WebPage\",\"@id\":\"https:\/\/katrinfashion.sk\/blog\/2022\/03\/31\/damske-kabelky-vycibreny-styl-a-elegancia\/#webpage\",\"url\":\"https:\/\/katrinfashion.sk\/blog\/2022\/03\/31\/damske-kabelky-vycibreny-styl-a-elegancia\/\",\"name\":\"D\\u00e1mske kabelky - vycibren\\u00fd \\u0161t\\u00fdl a elegancia -\",\"isPartOf\":{\"@id\":\"https:\/\/katrinfashion.sk\/blog\/#website\"},\"primaryImageOfPage\":{\"@id\":\"https:\/\/katrinfashion.sk\/blog\/2022\/03\/31\/damske-kabelky-vycibreny-styl-a-elegancia\/#primaryimage\"},\"datePublished\":\"2022-03-31T05:06:04+00:00\",\"dateModified\":\"2022-03-30T18:07:40+00:00\",\"author\":{\"@id\":\"https:\/\/katrinfashion.sk\/blog\/#\/schema\/person\/b2d57e7598452d361c61d35d2faa2b33\"},\"breadcrumb\":{\"@id\":\"https:\/\/katrinfashion.sk\/blog\/2022\/03\/31\/damske-kabelky-vycibreny-styl-a-elegancia\/#breadcrumb\"},\"inLanguage\":\"sk-SK\",\"potentialAction\":[{\"@type\":\"ReadAction\",\"target\":[\"https:\/\/katrinfashion.sk\/blog\/2022\/03\/31\/damske-kabelky-vycibreny-styl-a-elegancia\/\"]}]},{\"@type\":\"BreadcrumbList\",\"@id\":\"https:\/\/katrinfashion.sk\/blog\/2022\/03\/31\/damske-kabelky-vycibreny-styl-a-elegancia\/#breadcrumb\",\"itemListElement\":[{\"@type\":\"ListItem\",\"position\":1,\"item\":{\"@type\":\"WebPage\",\"@id\":\"https:\/\/katrinfashion.sk\/blog\/\",\"url\":\"https:\/\/katrinfashion.sk\/blog\/\",\"name\":\"Domovsk\\u00e1 str\\u00e1nka\"}},{\"@type\":\"ListItem\",\"position\":2,\"item\":{\"@type\":\"WebPage\",\"@id\":\"https:\/\/katrinfashion.sk\/blog\/2022\/03\/31\/damske-kabelky-vycibreny-styl-a-elegancia\/\",\"url\":\"https:\/\/katrinfashion.sk\/blog\/2022\/03\/31\/damske-kabelky-vycibreny-styl-a-elegancia\/\",\"name\":\"D\\u00e1mske kabelky &#8211; vycibren\\u00fd \\u0161t\\u00fdl a elegancia\"}}]},{\"@type\":\"Person\",\"@id\":\"https:\/\/katrinfashion.sk\/blog\/#\/schema\/person\/b2d57e7598452d361c61d35d2faa2b33\",\"name\":\"bloger\",\"image\":{\"@type\":\"ImageObject\",\"@id\":\"https:\/\/katrinfashion.sk\/blog\/#personlogo\",\"inLanguage\":\"sk-SK\",\"url\":\"https:\/\/secure.gravatar.com\/avatar\/161568db5ebe423deb215784babd6d4e?s=96&d=blank&r=g\",\"caption\":\"bloger\"}}]}<\/script>\n<!-- \/ Yoast SEO plugin. -->","_links":{"self":[{"href":"https:\/\/katrinfashion.sk\/blog\/wp-json\/wp\/v2\/posts\/160"}],"collection":[{"href":"https:\/\/katrinfashion.sk\/blog\/wp-json\/wp\/v2\/posts"}],"about":[{"href":"https:\/\/katrinfashion.sk\/blog\/wp-json\/wp\/v2\/types\/post"}],"author":[{"embeddable":true,"href":"https:\/\/katrinfashion.sk\/blog\/wp-json\/wp\/v2\/users\/2"}],"replies":[{"embeddable":true,"href":"https:\/\/katrinfashion.sk\/blog\/wp-json\/wp\/v2\/comments?post=160"}],"version-history":[{"count":1,"href":"https:\/\/katrinfashion.sk\/blog\/wp-json\/wp\/v2\/posts\/160\/revisions"}],"predecessor-version":[{"id":162,"href":"https:\/\/katrinfashion.sk\/blog\/wp-json\/wp\/v2\/posts\/160\/revisions\/162"}],"wp:featuredmedia":[{"embeddable":true,"href":"https:\/\/katrinfashion.sk\/blog\/wp-json\/wp\/v2\/media\/161"}],"wp:attachment":[{"href":"https:\/\/katrinfashion.sk\/blog\/wp-json\/wp\/v2\/media?parent=160"}],"wp:term":[{"taxonomy":"category","embeddable":true,"href":"https:\/\/katrinfashion.sk\/blog\/wp-json\/wp\/v2\/categories?post=160"},{"taxonomy":"post_tag","embeddable":true,"href":"https:\/\/katrinfashion.sk\/blog\/wp-json\/wp\/v2\/tags?post=160"}],"curies":[{"name":"wp","href":"https:\/\/api.w.org\/{rel}","templated":true}]}}